{"id":419,"date":"2026-02-06T19:36:50","date_gmt":"2026-02-06T19:36:50","guid":{"rendered":"https:\/\/www.lalbenqueensemble.fr\/?p=419"},"modified":"2026-02-12T00:32:04","modified_gmt":"2026-02-12T00:32:04","slug":"la-gare-de-lalbenque-fontanes-un-atout-a-valoriser-pour-notre-territoire","status":"publish","type":"post","link":"https:\/\/www.lalbenqueensemble.fr\/index.php\/2026\/02\/06\/la-gare-de-lalbenque-fontanes-un-atout-a-valoriser-pour-notre-territoire\/","title":{"rendered":"La gare de Lalbenque-Fontanes : un atout \u00e0 valoriser pour notre territoire !"},"content":{"rendered":"<div class=\"wp-block-image\">\n<figure class=\"aligncenter size-large is-resized\"><img loading=\"lazy\" decoding=\"async\" width=\"768\" height=\"1024\" src=\"https:\/\/www.lalbenqueensemble.fr\/wp-content\/uploads\/2026\/02\/IMG_5648-768x1024.jpg\" alt=\"\" class=\"wp-image-412\" style=\"aspect-ratio:0.7500062070164113;width:249px;height:auto\" srcset=\"https:\/\/www.lalbenqueensemble.fr\/wp-content\/uploads\/2026\/02\/IMG_5648-768x1024.jpg 768w, https:\/\/www.lalbenqueensemble.fr\/wp-content\/uploads\/2026\/02\/IMG_5648-225x300.jpg 225w, https:\/\/www.lalbenqueensemble.fr\/wp-content\/uploads\/2026\/02\/IMG_5648-1152x1536.jpg 1152w, https:\/\/www.lalbenqueensemble.fr\/wp-content\/uploads\/2026\/02\/IMG_5648-1536x2048.jpg 1536w, https:\/\/www.lalbenqueensemble.fr\/wp-content\/uploads\/2026\/02\/IMG_5648-scaled.jpg 1920w\" sizes=\"auto, (max-width: 768px) 100vw, 768px\" \/><\/figure>\n<\/div>\n\n\n<p class=\"has-text-align-left\"><br>Chaque jour, de nombreux usagers empruntent la gare de Lalbenque-Fontanes pour se rendre \u00e0 leur travail, \u00e0 leurs \u00e9tudes ou pour leurs loisirs. Pourtant, les abords de la gare ne sont aujourd\u2019hui plus adapt\u00e9s \u00e0 l\u2019\u00e9volution des d\u00e9placements ni aux nouveaux modes de vie.<br><br><strong>Absence de stationnement structur\u00e9, d\u00e9gradations de la voirie, manque d\u2019\u00e9clairage public, faible s\u00e9curisation des acc\u00e8s aux quais, inexistence d\u2019\u00e9quipements pour les mobilit\u00e9s douces : ces constats appellent une action collective et ambitieuse.<\/strong><br><br>Dans le cadre du projet \u00ab Lalbenque Ensemble \u00bb, port\u00e9 par la liste conduite par K\u00e9vin Delon pour les \u00e9lections municipales de mars 2026, la gare est envisag\u00e9e comme un v\u00e9ritable levier de dynamisation et de transition pour le territoire.<\/p>\n\n\n\n<p><strong>Cr\u00e9er un groupe de travail d\u00e8s le d\u00e9but du mandat<\/strong><br>La premi\u00e8re \u00e9tape du projet repose sur une m\u00e9thode claire : la concertation. D\u00e8s le d\u00e9but du mandat, un groupe de travail r\u00e9unissant l\u2019ensemble des acteurs institutionnels concern\u00e9s sera propos\u00e9 afin de co construire des solutions adapt\u00e9es et r\u00e9alistes.<strong> Seront notamment associ\u00e9s :<\/strong> les communes de Lalbenque et Fontanes, la Communaut\u00e9 de communes Lalbenque-Limogne, le Grand Cahors, le D\u00e9partement du Lot, la R\u00e9gion Occitanie, la SNCF, l&rsquo;Office de tourisme. Cette coop\u00e9ration permettra de penser un projet global, coh\u00e9rent et partag\u00e9, visant : davantage d\u2019am\u00e9nagements, plus de s\u00e9curit\u00e9, une meilleure coordination entre les acteurs publics.<\/p>\n\n\n\n<p><strong>Mettre en place un plan v\u00e9lo et favoriser les mobilit\u00e9s douces<\/strong><br>Le projet pr\u00e9voit \u00e9galement la mise en \u0153uvre d\u2019un plan v\u00e9lo structurant, afin de relier efficacement la gare au centre-bourg par des modes de d\u00e9placement doux. <strong>Parmi les actions envisag\u00e9es :<\/strong> la valorisation de l\u2019ancien chemin de la gare pour cr\u00e9er une voie d\u2019acc\u00e8s s\u00e9curis\u00e9e, l\u2019am\u00e9nagement de cheminements adapt\u00e9s aux cyclistes et aux pi\u00e9tons, l\u2019installation d\u2019un garage \u00e0 v\u00e9los pour encourager l\u2019usage quotidien du v\u00e9lo. <strong>Ces am\u00e9nagements contribueront \u00e0 :<\/strong> am\u00e9liorer la s\u00e9curit\u00e9 des d\u00e9placements, renforcer l\u2019accessibilit\u00e9 de la gare, favoriser une mobilit\u00e9 plus durable et respectueuse de l\u2019environnement.<\/p>\n\n\n\n<p><strong>Promouvoir la gare pour en faire un p\u00f4le de vitalit\u00e9<\/strong><br>Valoriser la gare aupr\u00e8s des acteurs \u00e9conomiques et touristiques du territoire en cr\u00e9ant des supports de communication et en mettant en relation les acteurs entre eux : plaquettes de pr\u00e9sentation, panneau touristique et \u00e9conomique en gare, \u00e9tudier la mise en place de navette en lien avec des \u00e9v\u00e9nements sur le territoire.<\/p>\n\n\n\n<ol class=\"wp-block-list\">\n<li><\/li>\n<\/ol>\n\n\n\n<p>R\u00e9am\u00e9nager les abords de la gare de Lalbenque-Fontanes, c\u2019est r\u00e9pondre aux besoins actuels des usagers tout en pr\u00e9parant l\u2019avenir. C\u2019est aussi faire de cet \u00e9quipement un v\u00e9ritable point d\u2019entr\u00e9e du territoire, accueillant, s\u00e9curis\u00e9 et connect\u00e9 \u00e0 son environnement.<\/p>\n\n\n\n<p><strong>Avec Lalbenque Ensemble, la gare devient un atout strat\u00e9gique au service des habitants, des actifs, des jeunes et des visiteurs.<\/strong><\/p>\n\n\n\n<figure class=\"wp-block-gallery has-nested-images columns-default is-cropped wp-block-gallery-1 is-layout-flex wp-block-gallery-is-layout-flex\">\n<figure class=\"wp-block-image size-large\"><img loading=\"lazy\" decoding=\"async\" width=\"946\" height=\"1024\" data-id=\"411\" src=\"https:\/\/www.lalbenqueensemble.fr\/wp-content\/uploads\/2026\/02\/IMG_5646-946x1024.jpeg\" alt=\"\" class=\"wp-image-411\" srcset=\"https:\/\/www.lalbenqueensemble.fr\/wp-content\/uploads\/2026\/02\/IMG_5646-946x1024.jpeg 946w, https:\/\/www.lalbenqueensemble.fr\/wp-content\/uploads\/2026\/02\/IMG_5646-277x300.jpeg 277w, https:\/\/www.lalbenqueensemble.fr\/wp-content\/uploads\/2026\/02\/IMG_5646-768x832.jpeg 768w, https:\/\/www.lalbenqueensemble.fr\/wp-content\/uploads\/2026\/02\/IMG_5646.jpeg 1206w\" sizes=\"auto, (max-width: 946px) 100vw, 946px\" \/><\/figure>\n\n\n\n<figure class=\"wp-block-image size-large\"><img loading=\"lazy\" decoding=\"async\" width=\"768\" height=\"1024\" data-id=\"414\" src=\"https:\/\/www.lalbenqueensemble.fr\/wp-content\/uploads\/2026\/02\/IMG_5789-1-768x1024.jpg\" alt=\"\" class=\"wp-image-414\" srcset=\"https:\/\/www.lalbenqueensemble.fr\/wp-content\/uploads\/2026\/02\/IMG_5789-1-768x1024.jpg 768w, https:\/\/www.lalbenqueensemble.fr\/wp-content\/uploads\/2026\/02\/IMG_5789-1-225x300.jpg 225w, https:\/\/www.lalbenqueensemble.fr\/wp-content\/uploads\/2026\/02\/IMG_5789-1-scaled.jpg 1920w\" sizes=\"auto, (max-width: 768px) 100vw, 768px\" \/><\/figure>\n\n\n\n<figure class=\"wp-block-image size-large\"><img loading=\"lazy\" decoding=\"async\" width=\"768\" height=\"1024\" data-id=\"413\" src=\"https:\/\/www.lalbenqueensemble.fr\/wp-content\/uploads\/2026\/02\/IMG_5654-1-768x1024.jpg\" alt=\"\" class=\"wp-image-413\" srcset=\"https:\/\/www.lalbenqueensemble.fr\/wp-content\/uploads\/2026\/02\/IMG_5654-1-768x1024.jpg 768w, https:\/\/www.lalbenqueensemble.fr\/wp-content\/uploads\/2026\/02\/IMG_5654-1-225x300.jpg 225w, https:\/\/www.lalbenqueensemble.fr\/wp-content\/uploads\/2026\/02\/IMG_5654-1-1152x1536.jpg 1152w, https:\/\/www.lalbenqueensemble.fr\/wp-content\/uploads\/2026\/02\/IMG_5654-1-1536x2048.jpg 1536w, https:\/\/www.lalbenqueensemble.fr\/wp-content\/uploads\/2026\/02\/IMG_5654-1-scaled.jpg 1920w\" sizes=\"auto, (max-width: 768px) 100vw, 768px\" \/><\/figure>\n<\/figure>\n","protected":false},"excerpt":{"rendered":"<p>Chaque jour, de nombreux usagers empruntent la gare de Lalbenque-Fontanes pour se rendre \u00e0 leur travail, \u00e0 leurs \u00e9tudes ou pour leurs loisirs. Pourtant, les abords de la gare ne sont aujourd\u2019hui plus adapt\u00e9s \u00e0 l\u2019\u00e9volution des d\u00e9placements ni aux nouveaux modes de vie. Absence de stationnement structur\u00e9, d\u00e9gradations de la voirie, manque d\u2019\u00e9clairage public, [&hellip;]<\/p>\n","protected":false},"author":1,"featured_media":412,"comment_status":"closed","ping_status":"open","sticky":false,"template":"","format":"standard","meta":{"footnotes":""},"categories":[],"tags":[],"class_list":["post-419","post","type-post","status-publish","format-standard","has-post-thumbnail","hentry"],"_links":{"self":[{"href":"https:\/\/www.lalbenqueensemble.fr\/index.php\/wp-json\/wp\/v2\/posts\/419","targetHints":{"allow":["GET"]}}],"collection":[{"href":"https:\/\/www.lalbenqueensemble.fr\/index.php\/wp-json\/wp\/v2\/posts"}],"about":[{"href":"https:\/\/www.lalbenqueensemble.fr\/index.php\/wp-json\/wp\/v2\/types\/post"}],"author":[{"embeddable":true,"href":"https:\/\/www.lalbenqueensemble.fr\/index.php\/wp-json\/wp\/v2\/users\/1"}],"replies":[{"embeddable":true,"href":"https:\/\/www.lalbenqueensemble.fr\/index.php\/wp-json\/wp\/v2\/comments?post=419"}],"version-history":[{"count":8,"href":"https:\/\/www.lalbenqueensemble.fr\/index.php\/wp-json\/wp\/v2\/posts\/419\/revisions"}],"predecessor-version":[{"id":682,"href":"https:\/\/www.lalbenqueensemble.fr\/index.php\/wp-json\/wp\/v2\/posts\/419\/revisions\/682"}],"wp:featuredmedia":[{"embeddable":true,"href":"https:\/\/www.lalbenqueensemble.fr\/index.php\/wp-json\/wp\/v2\/media\/412"}],"wp:attachment":[{"href":"https:\/\/www.lalbenqueensemble.fr\/index.php\/wp-json\/wp\/v2\/media?parent=419"}],"wp:term":[{"taxonomy":"category","embeddable":true,"href":"https:\/\/www.lalbenqueensemble.fr\/index.php\/wp-json\/wp\/v2\/categories?post=419"},{"taxonomy":"post_tag","embeddable":true,"href":"https:\/\/www.lalbenqueensemble.fr\/index.php\/wp-json\/wp\/v2\/tags?post=419"}],"curies":[{"name":"wp","href":"https:\/\/api.w.org\/{rel}","templated":true}]}}