{"id":422,"date":"2026-02-06T19:49:14","date_gmt":"2026-02-06T19:49:14","guid":{"rendered":"https:\/\/www.lalbenqueensemble.fr\/?p=422"},"modified":"2026-02-11T23:30:58","modified_gmt":"2026-02-11T23:30:58","slug":"elections-municipales-a-lalbenque-kevin-delon-devoile-une-partie-dela-liste-lalbenque-ensemble","status":"publish","type":"post","link":"https:\/\/www.lalbenqueensemble.fr\/index.php\/2026\/02\/06\/elections-municipales-a-lalbenque-kevin-delon-devoile-une-partie-dela-liste-lalbenque-ensemble\/","title":{"rendered":"\u00c9lections municipales \u00e0 Lalbenque : K\u00e9vin DELON d\u00e9voile une partie de la liste Lalbenque Ensemble"},"content":{"rendered":"\n<div class=\"wp-block-group is-nowrap is-layout-flex wp-container-core-group-is-layout-ad2f72ca wp-block-group-is-layout-flex\">\n<div class=\"wp-block-group\"><div class=\"wp-block-group__inner-container is-layout-constrained wp-block-group-is-layout-constrained\"><div class=\"wp-block-image\">\n<figure class=\"aligncenter size-full is-resized\"><img loading=\"lazy\" decoding=\"async\" width=\"1024\" height=\"768\" src=\"https:\/\/www.lalbenqueensemble.fr\/wp-content\/uploads\/2026\/02\/groupe-new-02.jpg\" alt=\"\" class=\"wp-image-387\" style=\"width:551px;height:auto\" srcset=\"https:\/\/www.lalbenqueensemble.fr\/wp-content\/uploads\/2026\/02\/groupe-new-02.jpg 1024w, https:\/\/www.lalbenqueensemble.fr\/wp-content\/uploads\/2026\/02\/groupe-new-02-300x225.jpg 300w, https:\/\/www.lalbenqueensemble.fr\/wp-content\/uploads\/2026\/02\/groupe-new-02-768x576.jpg 768w\" sizes=\"auto, (max-width: 1024px) 100vw, 1024px\" \/><\/figure>\n<\/div>\n\n\n<div class=\"wp-block-columns is-layout-flex wp-container-core-columns-is-layout-9d6595d7 wp-block-columns-is-layout-flex\">\n<div class=\"wp-block-column is-layout-flow wp-block-column-is-layout-flow\" style=\"flex-basis:100%\">\n<div class=\"wp-block-group is-nowrap is-layout-flex wp-container-core-group-is-layout-ad2f72ca wp-block-group-is-layout-flex\">\n<p>Depuis le 17 janvier, la liste Lalbenque Ensemble conduite par K\u00e9vin Delon, adjoint au maire de Lalbenque sortant, m\u00e8ne une campagne dynamique en pr\u00e9sentant des propositions concr\u00e8tes pour le mandat \u00e0 venir. <br><br>Cette liste, anim\u00e9e par un esprit collectif, d\u00e9voile neuf colistiers qui se pr\u00e9senteront au suffrage des \u00e9lecteurs. Aux c\u00f4t\u00e9s de K\u00e9vin Delon, cinq conseillers municipaux sortants s\u2019engagent pour poursuivre leur investissement au service des habitants. <strong>Cette liste rassemble une majorit\u00e9 de conseillers sortants autour des valeurs qu\u2019il d\u00e9fend. <\/strong><br><br><strong>Myriam L\u00e9zouret-Conquet<\/strong>, professeure et agricultrice retrait\u00e9e renouv\u00e8le son engagement apr\u00e8s avoir port\u00e9 depuis 6 ans de nombreux projets concrets li\u00e9s \u00e0 l\u2019\u00e9cologie. Elle a mis ses comp\u00e9tences de g\u00e9ographe et de femme de la terre au service de l\u2019int\u00e9r\u00eat g\u00e9n\u00e9ral.<br><br><strong>Marion Bastit<\/strong>, professeure agr\u00e9g\u00e9e d\u2019anglais, s\u2019est, pour sa part, investie \u00e0 l\u2019\u00e9cole en tant que conseill\u00e8re d\u00e9l\u00e9gu\u00e9e. Elle a accompagn\u00e9 l\u2019exp\u00e9rimentation du p\u00e9dibus et s\u2019est engag\u00e9e aupr\u00e8s des personnels de la cantine ou encore de l\u2019ALAE. <br><br><strong>Serge Charonnat<\/strong>, conseiller d\u00e9l\u00e9gu\u00e9 aux infrastructures, ancien dessinateur en b\u00e2timents et photographe professionnel, poursuit, lui aussi, son implication au sein de la liste Lalbenque Ensemble.  Il a oeuvr\u00e9 au suivi des travaux : une t\u00e2che exigeante dans une commune de 2000 habitants. <br><br><strong>Guillaume Bismes<\/strong> reconduit son engagement. Avocat en contentieux des affaires et conseiller d\u00e9l\u00e9gu\u00e9 au tissu associatif, il a d\u00e9velopp\u00e9 la f\u00eate des associations \u00ab\u00a0Agor\u2019asso\u00a0\u00bb et l\u2019application Intramuros. <br><br><strong>Jean-Christophe Vialaret<\/strong>, conseiller municipal sortant, rejoint la liste Lalbenque Ensemble. Ses engagements politiques et syndicaux lui ont permis de prendre conscience de la n\u00e9cessit\u00e9 de garantir les services publics, l\u2019\u00e9cole \u00e9tant un projet prioritaire de la liste. <br><br>Aux c\u00f4t\u00e9s des six \u00e9lus sortants, la liste Lalbenque Ensemble s&rsquo;enrichit de nouveaux visages, reflets de la diversit\u00e9s et des forces vives de la commune. Ils sont engag\u00e9s dans la vie locale, professionnelle ou associative et apportent un regard neuf ainsi que des comp\u00e9tences compl\u00e9mentaires au projet port\u00e9 par K\u00e9vin Delon.<mark style=\"background-color:rgba(0, 0, 0, 0)\" class=\"has-inline-color has-colibri-color-6-color\"> <\/mark><br><br><strong>Emilienne Vincens<\/strong>, retrait\u00e9e de la fonction publique a travaill\u00e9 au Minist\u00e8re de l\u2019\u00c9quipement puis au D\u00e9partement. Elle est engag\u00e9e depuis toujours dans les associations. L\u2019animation de Lalbenque et sa vitalit\u00e9 lui tiennent \u00e0 coeur. <br><br><strong>J\u00e9r\u00f4me Relano<\/strong>, entrepreneur \u00e0 Lalbenque pendant 35 ans, retrait\u00e9, souhaite aujourd\u2019hui mettre sa disponibilit\u00e9 au service de la commune pour pr\u00e9server les services publics, le respect du vivant et les actions de solidarit\u00e9. <br><br><strong>Graziella Houzeau-Delher<\/strong>, dipl\u00f4m\u00e9e en m\u00e9diation culturelle et guide conf\u00e9renci\u00e8re \u00e0 Cahors, veut mettre \u00e0 disposition son savoir-faire et ses comp\u00e9tences pour la valorisation du patrimoine mat\u00e9riel et immat\u00e9riel de la commune. <br><br>Enfin, <strong>S\u00e9bastien Morgan<\/strong>, technicien du spectacle dans l\u2019\u00e9v\u00e9nementiel, et engag\u00e9 dans le milieu associatif, fait de la vitalit\u00e9 du territoire et des actions de solidarit\u00e9, sa priorit\u00e9.<br><br>Par cette \u00e9quipe renouvel\u00e9e et exp\u00e9riment\u00e9e, <strong>Lalbenque Ensemble affirme son ambition : conjuguer continuit\u00e9 de l\u2019action municipale et nouvelles dynamiques, au service d\u2019un projet collectif.<\/strong><\/p>\n<\/div>\n<\/div>\n<\/div>\n<\/div><\/div>\n<\/div>\n\n\n\n<div class=\"wp-block-columns is-layout-flex wp-container-core-columns-is-layout-9d6595d7 wp-block-columns-is-layout-flex\">\n<div class=\"wp-block-column is-layout-flow wp-block-column-is-layout-flow\"><\/div>\n\n\n\n<div class=\"wp-block-column is-layout-flow wp-block-column-is-layout-flow\"><\/div>\n\n\n\n<div class=\"wp-block-column is-layout-flow wp-block-column-is-layout-flow\"><\/div>\n<\/div>\n","protected":false},"excerpt":{"rendered":"<p>Depuis le 17 janvier, la liste Lalbenque Ensemble conduite par K\u00e9vin Delon, adjoint au maire de Lalbenque sortant, m\u00e8ne une campagne dynamique en pr\u00e9sentant des propositions concr\u00e8tes pour le mandat \u00e0 venir. Cette liste, anim\u00e9e par un esprit collectif, d\u00e9voile neuf colistiers qui se pr\u00e9senteront au suffrage des \u00e9lecteurs. Aux c\u00f4t\u00e9s de K\u00e9vin Delon, cinq [&hellip;]<\/p>\n","protected":false},"author":1,"featured_media":387,"comment_status":"closed","ping_status":"open","sticky":false,"template":"","format":"standard","meta":{"footnotes":""},"categories":[1],"tags":[],"class_list":["post-422","post","type-post","status-publish","format-standard","has-post-thumbnail","hentry","category-uncategorized"],"_links":{"self":[{"href":"https:\/\/www.lalbenqueensemble.fr\/index.php\/wp-json\/wp\/v2\/posts\/422","targetHints":{"allow":["GET"]}}],"collection":[{"href":"https:\/\/www.lalbenqueensemble.fr\/index.php\/wp-json\/wp\/v2\/posts"}],"about":[{"href":"https:\/\/www.lalbenqueensemble.fr\/index.php\/wp-json\/wp\/v2\/types\/post"}],"author":[{"embeddable":true,"href":"https:\/\/www.lalbenqueensemble.fr\/index.php\/wp-json\/wp\/v2\/users\/1"}],"replies":[{"embeddable":true,"href":"https:\/\/www.lalbenqueensemble.fr\/index.php\/wp-json\/wp\/v2\/comments?post=422"}],"version-history":[{"count":16,"href":"https:\/\/www.lalbenqueensemble.fr\/index.php\/wp-json\/wp\/v2\/posts\/422\/revisions"}],"predecessor-version":[{"id":670,"href":"https:\/\/www.lalbenqueensemble.fr\/index.php\/wp-json\/wp\/v2\/posts\/422\/revisions\/670"}],"wp:featuredmedia":[{"embeddable":true,"href":"https:\/\/www.lalbenqueensemble.fr\/index.php\/wp-json\/wp\/v2\/media\/387"}],"wp:attachment":[{"href":"https:\/\/www.lalbenqueensemble.fr\/index.php\/wp-json\/wp\/v2\/media?parent=422"}],"wp:term":[{"taxonomy":"category","embeddable":true,"href":"https:\/\/www.lalbenqueensemble.fr\/index.php\/wp-json\/wp\/v2\/categories?post=422"},{"taxonomy":"post_tag","embeddable":true,"href":"https:\/\/www.lalbenqueensemble.fr\/index.php\/wp-json\/wp\/v2\/tags?post=422"}],"curies":[{"name":"wp","href":"https:\/\/api.w.org\/{rel}","templated":true}]}}