{"id":675,"date":"2026-02-12T00:21:38","date_gmt":"2026-02-12T00:21:38","guid":{"rendered":"https:\/\/www.lalbenqueensemble.fr\/?p=675"},"modified":"2026-02-12T00:31:51","modified_gmt":"2026-02-12T00:31:51","slug":"lecole-notre-projet-prioritaire","status":"publish","type":"post","link":"https:\/\/www.lalbenqueensemble.fr\/index.php\/2026\/02\/12\/lecole-notre-projet-prioritaire\/","title":{"rendered":"L&rsquo;\u00e9cole : notre projet prioritaire"},"content":{"rendered":"\n<p>D\u00e8s l&rsquo;annonce de candidature, la liste Lalbenque Ensemble a plac\u00e9 l&rsquo;\u00e9cole publique au coeur de ses priorit\u00e9s. Ce projet prioritaire s&rsquo;organise autour de plusieurs axes qui seront d\u00e9veloppes tout au long de la campagne. La deuxi\u00e8me partie du projet pour l&rsquo;\u00e9cole sera publi\u00e9e bient\u00f4t !  <\/p>\n\n\n\n<p><strong>D\u00e9simperm\u00e9abiliser les\u00a0cours<\/strong><br>Les r\u00e9novations des cours d\u2019\u00e9coles sont de plus en plus nombreuses en France. Il est urgent d\u2019adapter celle de Lalbenque au changement climatique avec plus d\u2019arbres, plus d\u2019ombre et donc plus de fra\u00eecheur, et moins de goudron, moins de b\u00e9ton donc moins de chaleur.\u00a0<\/p>\n\n\n<div class=\"wp-block-image\">\n<figure class=\"aligncenter is-resized\"><img loading=\"lazy\" decoding=\"async\" width=\"1350\" height=\"759\" src=\"https:\/\/www.lalbenqueensemble.fr\/wp-content\/uploads\/2026\/02\/B9735508037Z.1_20231121104641_000G4HNR7E78.1-0.jpg\" alt=\"\" class=\"wp-image-679\" style=\"aspect-ratio:1.7786600496277916;width:461px;height:auto\" srcset=\"https:\/\/www.lalbenqueensemble.fr\/wp-content\/uploads\/2026\/02\/B9735508037Z.1_20231121104641_000G4HNR7E78.1-0.jpg 1350w, https:\/\/www.lalbenqueensemble.fr\/wp-content\/uploads\/2026\/02\/B9735508037Z.1_20231121104641_000G4HNR7E78.1-0-300x169.jpg 300w, https:\/\/www.lalbenqueensemble.fr\/wp-content\/uploads\/2026\/02\/B9735508037Z.1_20231121104641_000G4HNR7E78.1-0-1024x576.jpg 1024w, https:\/\/www.lalbenqueensemble.fr\/wp-content\/uploads\/2026\/02\/B9735508037Z.1_20231121104641_000G4HNR7E78.1-0-768x432.jpg 768w\" sizes=\"auto, (max-width: 1350px) 100vw, 1350px\" \/><\/figure>\n<\/div>\n\n\n<p><strong>+ d&rsquo;arbres <br>+ d&rsquo;ombre <br>+ de fraicheur<br>+ de nature <\/strong><br><br><strong>&#8211; de goudron <br>&#8211; de chaleur <br>&#8211; de b\u00e9ton<\/strong><br><br><strong>S\u00e9curisation des cours et nouveaux jeux\u00a0<\/strong><br>R\u00e9nover les cl\u00f4tures de l\u2019\u00e9cole, am\u00e9liorer\u00a0et compl\u00e9ter\u00a0les jeux pour plus de p\u00e9dagogie et\u00a0plus d\u2019inclusivit\u00e9 !<\/p>\n\n\n\n<figure class=\"wp-block-image is-resized\"><img loading=\"lazy\" decoding=\"async\" width=\"620\" height=\"400\" src=\"https:\/\/www.lalbenqueensemble.fr\/wp-content\/uploads\/2026\/02\/2023_08_adapation_rechauffement_climatique.jpg\" alt=\"\" class=\"wp-image-678\" style=\"aspect-ratio:1.5500206412549884;width:291px;height:auto\" srcset=\"https:\/\/www.lalbenqueensemble.fr\/wp-content\/uploads\/2026\/02\/2023_08_adapation_rechauffement_climatique.jpg 620w, https:\/\/www.lalbenqueensemble.fr\/wp-content\/uploads\/2026\/02\/2023_08_adapation_rechauffement_climatique-300x194.jpg 300w\" sizes=\"auto, (max-width: 620px) 100vw, 620px\" \/><\/figure>\n\n\n\n<p><br><strong>Projet p\u00e9dagogique autour d\u2019un nom pour l\u2019\u00e9cole<\/strong><br>Donner un nom \u00e0 l\u2019\u00e9cole autour d\u2019un th\u00e8me f\u00e9d\u00e9rateur ou d\u2019un grand personnage porteur de valeurs et r\u00e9aliser\u00a0une fresque collective avec les \u00e9l\u00e8ves et les enseignants.\u00a0<strong>\u00a0<\/strong><br><br><strong>Un jardin p\u00e9dagogique <\/strong><br>Cr\u00e9er un jardin durable pour favoriser le lien des enfants avec la terre, de la graine jusqu\u2019\u00e0 l\u2019assiette.\u00a0<\/p>\n","protected":false},"excerpt":{"rendered":"<p>D\u00e8s l&rsquo;annonce de candidature, la liste Lalbenque Ensemble a plac\u00e9 l&rsquo;\u00e9cole publique au coeur de ses priorit\u00e9s. Ce projet prioritaire s&rsquo;organise autour de plusieurs axes qui seront d\u00e9veloppes tout au long de la campagne. La deuxi\u00e8me partie du projet pour l&rsquo;\u00e9cole sera publi\u00e9e bient\u00f4t ! D\u00e9simperm\u00e9abiliser les\u00a0coursLes r\u00e9novations des cours d\u2019\u00e9coles sont de plus en [&hellip;]<\/p>\n","protected":false},"author":1,"featured_media":36,"comment_status":"open","ping_status":"open","sticky":false,"template":"","format":"standard","meta":{"footnotes":""},"categories":[],"tags":[],"class_list":["post-675","post","type-post","status-publish","format-standard","has-post-thumbnail","hentry"],"_links":{"self":[{"href":"https:\/\/www.lalbenqueensemble.fr\/index.php\/wp-json\/wp\/v2\/posts\/675","targetHints":{"allow":["GET"]}}],"collection":[{"href":"https:\/\/www.lalbenqueensemble.fr\/index.php\/wp-json\/wp\/v2\/posts"}],"about":[{"href":"https:\/\/www.lalbenqueensemble.fr\/index.php\/wp-json\/wp\/v2\/types\/post"}],"author":[{"embeddable":true,"href":"https:\/\/www.lalbenqueensemble.fr\/index.php\/wp-json\/wp\/v2\/users\/1"}],"replies":[{"embeddable":true,"href":"https:\/\/www.lalbenqueensemble.fr\/index.php\/wp-json\/wp\/v2\/comments?post=675"}],"version-history":[{"count":2,"href":"https:\/\/www.lalbenqueensemble.fr\/index.php\/wp-json\/wp\/v2\/posts\/675\/revisions"}],"predecessor-version":[{"id":681,"href":"https:\/\/www.lalbenqueensemble.fr\/index.php\/wp-json\/wp\/v2\/posts\/675\/revisions\/681"}],"wp:featuredmedia":[{"embeddable":true,"href":"https:\/\/www.lalbenqueensemble.fr\/index.php\/wp-json\/wp\/v2\/media\/36"}],"wp:attachment":[{"href":"https:\/\/www.lalbenqueensemble.fr\/index.php\/wp-json\/wp\/v2\/media?parent=675"}],"wp:term":[{"taxonomy":"category","embeddable":true,"href":"https:\/\/www.lalbenqueensemble.fr\/index.php\/wp-json\/wp\/v2\/categories?post=675"},{"taxonomy":"post_tag","embeddable":true,"href":"https:\/\/www.lalbenqueensemble.fr\/index.php\/wp-json\/wp\/v2\/tags?post=675"}],"curies":[{"name":"wp","href":"https:\/\/api.w.org\/{rel}","templated":true}]}}