{"id":848,"date":"2026-02-17T09:19:47","date_gmt":"2026-02-17T09:19:47","guid":{"rendered":"https:\/\/www.lalbenqueensemble.fr\/?p=848"},"modified":"2026-02-17T09:19:47","modified_gmt":"2026-02-17T09:19:47","slug":"kevin-delon-devoile-la-deuxieme-partie-de-la-liste-lalbenque-ensemble","status":"publish","type":"post","link":"https:\/\/www.lalbenqueensemble.fr\/index.php\/2026\/02\/17\/kevin-delon-devoile-la-deuxieme-partie-de-la-liste-lalbenque-ensemble\/","title":{"rendered":"K\u00e9vin DELON d\u00e9voile la deuxi\u00e8me partie de la liste Lalbenque Ensemble"},"content":{"rendered":"\n<p>Depuis le 17 janvier, la liste Lalbenque Ensemble, conduite par K\u00e9vin Delon, adjoint au maire sortant de Lalbenque, m\u00e8ne une campagne dynamique ax\u00e9e sur des projets concrets, r\u00e9fl\u00e9chis et tenant compte, avant tout, des capacit\u00e9s budg\u00e9taires de la commune. Apr\u00e8s avoir pr\u00e9sent\u00e9 neuf colistiers il y a quelques jours, la t\u00eate de liste d\u00e9voile aujourd\u2019hui onze nouveaux candidats, compl\u00e9tant ainsi son \u00e9quipe.<\/p>\n\n\n\n<p>\u00ab Notre liste rassemble une majorit\u00e9 de conseillers municipaux sortants. Elle pr\u00e9sente de nouveaux visages, tous investis dans la vie locale, issus d\u2019horizons professionnels vari\u00e9s et repr\u00e9sentant diff\u00e9rentes sensibilit\u00e9s et hameaux de la commune. Nous souhaitons poursuivre le travail engag\u00e9 tout en apportant un nouvel \u00e9lan, fond\u00e9 sur l\u2019\u00e9coute, la proximit\u00e9 et la concertation. Nous revendiquons une d\u00e9marche collective et participative \u00bb, souligne K\u00e9vin Delon.<\/p>\n\n\n\n<p><strong>Elsa D\u00e9l\u00e9ris<\/strong>, g\u00e9rante de g\u00eete, active \u00e0 l\u2019Office de tourisme Cahors Vall\u00e9e du Lot. Elle porte un regard attentif sur les enjeux \u00e9conomiques et touristiques de la commune. <br><br><strong>Augusto Ruiz<\/strong>, secr\u00e9taire dentaire \u00e0 Lalbenque, est impliqu\u00e9 en tant que responsable associatif du futsal \u00e0 Lalbenque. Laure Courget, conservatrice en chef du patrimoine, apporte son expertise reconnue en mati\u00e8re de valorisation du patrimoine et de d\u00e9veloppement culturel du territoire. <br><br><strong>S\u00e9verine Lambin<\/strong>, secr\u00e9taire de mairie, met son exp\u00e9rience administrative au service du projet. Elle s\u2019est impliqu\u00e9e dans le milieu associatif autour de l\u2019\u00e9cole et du sport. <br><br><strong>\u00c9lodie Saguet<\/strong>, monitrice d\u2019atelier en ESAT, est engag\u00e9e au sein du club de volley. Son m\u00e9tier aupr\u00e8s des personnes porteuses de handicaps lui conf\u00e8re une expertise importante au sein d\u2019un conseil municipal. <br>Jean-Pierre Cardonnel, avocat retrait\u00e9, participe, pour sa part, activement aux activit\u00e9s qui renforcent le lien social de son hameau. <br><br><strong>Fran\u00e7oise Delmond<\/strong>, ing\u00e9nieure du patrimoine retrait\u00e9e, participe activement aux activit\u00e9s associatives de loisirs. Elle porte un regard avis\u00e9 sur le patrimoine architectural. <br><br><strong>Aur\u00e9lie Melet<\/strong>, directrice de magasin, s\u2019est investie dans la vie locale \u00e0 l\u2019\u00e9cole et plus r\u00e9cemment pour la protection de l\u2019environnement. <br><br><strong>G\u00e9r\u00f4me Sald\u00e8s<\/strong>, vid\u00e9aste intermittent du spectacle, est engag\u00e9 au service des actions solidaires, notamment au sein du tiers lieu. <br><br><strong>Ana\u00ebl Martin<\/strong>, ouvrier qualifi\u00e9 dans l\u2019agro-alimentaire, appuie son engagement b\u00e9n\u00e9vole, notamment au sein des associations sportives. <\/p>\n\n\n\n<p><strong>Jean Devic<\/strong>, retrait\u00e9 d\u2019une coop\u00e9rative agricole, a toujours particip\u00e9 \u00e0 la vie du village et plus r\u00e9cemment au sein de la nouvelle ressourcerie.<\/p>\n\n\n\n<p>Dans les prochains jours, la liste Lalbenque Ensemble proposera diff\u00e9rents temps d\u2019\u00e9changes et de rencontres. Chacun pourra s\u2019exprimer, partager ses id\u00e9es et contribuer aux orientations futures.<\/p>\n\n\n\n<p>Pour K\u00e9vin Delon et son \u00e9quipe, cette d\u00e9marche s\u2019inscrit pleinement dans la volont\u00e9 affich\u00e9e de construire un projet collectif, ancr\u00e9 dans l\u2019\u00e9coute, la proximit\u00e9 et la participation citoyenne. L\u2019objectif est de b\u00e2tir, avec les habitants, une vision partag\u00e9e pour l\u2019avenir de Lalbenque.<\/p>\n","protected":false},"excerpt":{"rendered":"<p>Depuis le 17 janvier, la liste Lalbenque Ensemble, conduite par K\u00e9vin Delon, adjoint au maire sortant de Lalbenque, m\u00e8ne une campagne dynamique ax\u00e9e sur des projets concrets, r\u00e9fl\u00e9chis et tenant compte, avant tout, des capacit\u00e9s budg\u00e9taires de la commune. Apr\u00e8s avoir pr\u00e9sent\u00e9 neuf colistiers il y a quelques jours, la t\u00eate de liste d\u00e9voile aujourd\u2019hui [&hellip;]<\/p>\n","protected":false},"author":1,"featured_media":849,"comment_status":"open","ping_status":"open","sticky":false,"template":"","format":"standard","meta":{"footnotes":""},"categories":[1],"tags":[],"class_list":["post-848","post","type-post","status-publish","format-standard","has-post-thumbnail","hentry","category-uncategorized"],"_links":{"self":[{"href":"https:\/\/www.lalbenqueensemble.fr\/index.php\/wp-json\/wp\/v2\/posts\/848","targetHints":{"allow":["GET"]}}],"collection":[{"href":"https:\/\/www.lalbenqueensemble.fr\/index.php\/wp-json\/wp\/v2\/posts"}],"about":[{"href":"https:\/\/www.lalbenqueensemble.fr\/index.php\/wp-json\/wp\/v2\/types\/post"}],"author":[{"embeddable":true,"href":"https:\/\/www.lalbenqueensemble.fr\/index.php\/wp-json\/wp\/v2\/users\/1"}],"replies":[{"embeddable":true,"href":"https:\/\/www.lalbenqueensemble.fr\/index.php\/wp-json\/wp\/v2\/comments?post=848"}],"version-history":[{"count":1,"href":"https:\/\/www.lalbenqueensemble.fr\/index.php\/wp-json\/wp\/v2\/posts\/848\/revisions"}],"predecessor-version":[{"id":850,"href":"https:\/\/www.lalbenqueensemble.fr\/index.php\/wp-json\/wp\/v2\/posts\/848\/revisions\/850"}],"wp:featuredmedia":[{"embeddable":true,"href":"https:\/\/www.lalbenqueensemble.fr\/index.php\/wp-json\/wp\/v2\/media\/849"}],"wp:attachment":[{"href":"https:\/\/www.lalbenqueensemble.fr\/index.php\/wp-json\/wp\/v2\/media?parent=848"}],"wp:term":[{"taxonomy":"category","embeddable":true,"href":"https:\/\/www.lalbenqueensemble.fr\/index.php\/wp-json\/wp\/v2\/categories?post=848"},{"taxonomy":"post_tag","embeddable":true,"href":"https:\/\/www.lalbenqueensemble.fr\/index.php\/wp-json\/wp\/v2\/tags?post=848"}],"curies":[{"name":"wp","href":"https:\/\/api.w.org\/{rel}","templated":true}]}}