{"id":869,"date":"2026-02-19T15:50:25","date_gmt":"2026-02-19T15:50:25","guid":{"rendered":"https:\/\/www.lalbenqueensemble.fr\/?p=869"},"modified":"2026-02-24T10:24:19","modified_gmt":"2026-02-24T10:24:19","slug":"rencontre-atelier","status":"publish","type":"post","link":"https:\/\/www.lalbenqueensemble.fr\/index.php\/2026\/02\/19\/rencontre-atelier\/","title":{"rendered":"Rencontre atelier 21\/02"},"content":{"rendered":"\n<p><\/p>\n\n\n\n<p>La liste Lalbenque Ensemble propose sa premi\u00e8re rencontre atelier sur les valeurs d\u00e9mocratie et solidarit\u00e9s. Venez \u00e9changer et partager vos id\u00e9es le samedi 21 f\u00e9vrier entre 10h et 12h30 \u00e0 la Halle de la Mairie de Lalbenque.&nbsp;<\/p>\n\n\n\n<p><\/p>\n\n\n\n<p><\/p>\n\n\n\n<div class=\"wp-block-columns is-layout-flex wp-container-core-columns-is-layout-9d6595d7 wp-block-columns-is-layout-flex\">\n<div class=\"wp-block-column is-layout-flow wp-block-column-is-layout-flow\"><div class=\"wp-block-image\">\n<figure class=\"aligncenter size-large\"><img loading=\"lazy\" decoding=\"async\" width=\"724\" height=\"1024\" src=\"https:\/\/www.lalbenqueensemble.fr\/wp-content\/uploads\/2026\/02\/IMG_6225-724x1024.jpeg\" alt=\"\" class=\"wp-image-870\" srcset=\"https:\/\/www.lalbenqueensemble.fr\/wp-content\/uploads\/2026\/02\/IMG_6225-724x1024.jpeg 724w, https:\/\/www.lalbenqueensemble.fr\/wp-content\/uploads\/2026\/02\/IMG_6225-212x300.jpeg 212w, https:\/\/www.lalbenqueensemble.fr\/wp-content\/uploads\/2026\/02\/IMG_6225-768x1086.jpeg 768w, https:\/\/www.lalbenqueensemble.fr\/wp-content\/uploads\/2026\/02\/IMG_6225-1087x1536.jpeg 1087w, https:\/\/www.lalbenqueensemble.fr\/wp-content\/uploads\/2026\/02\/IMG_6225.jpeg 1415w\" sizes=\"auto, (max-width: 724px) 100vw, 724px\" \/><\/figure>\n<\/div><\/div>\n<\/div>\n","protected":false},"excerpt":{"rendered":"<p>La liste Lalbenque Ensemble propose sa premi\u00e8re rencontre atelier sur les valeurs d\u00e9mocratie et solidarit\u00e9s. Venez \u00e9changer et partager vos id\u00e9es le samedi 21 f\u00e9vrier entre 10h et 12h30 \u00e0 la Halle de la Mairie de Lalbenque.&nbsp;<\/p>\n","protected":false},"author":1,"featured_media":870,"comment_status":"open","ping_status":"open","sticky":false,"template":"","format":"standard","meta":{"footnotes":""},"categories":[1],"tags":[],"class_list":["post-869","post","type-post","status-publish","format-standard","has-post-thumbnail","hentry","category-uncategorized"],"_links":{"self":[{"href":"https:\/\/www.lalbenqueensemble.fr\/index.php\/wp-json\/wp\/v2\/posts\/869","targetHints":{"allow":["GET"]}}],"collection":[{"href":"https:\/\/www.lalbenqueensemble.fr\/index.php\/wp-json\/wp\/v2\/posts"}],"about":[{"href":"https:\/\/www.lalbenqueensemble.fr\/index.php\/wp-json\/wp\/v2\/types\/post"}],"author":[{"embeddable":true,"href":"https:\/\/www.lalbenqueensemble.fr\/index.php\/wp-json\/wp\/v2\/users\/1"}],"replies":[{"embeddable":true,"href":"https:\/\/www.lalbenqueensemble.fr\/index.php\/wp-json\/wp\/v2\/comments?post=869"}],"version-history":[{"count":7,"href":"https:\/\/www.lalbenqueensemble.fr\/index.php\/wp-json\/wp\/v2\/posts\/869\/revisions"}],"predecessor-version":[{"id":941,"href":"https:\/\/www.lalbenqueensemble.fr\/index.php\/wp-json\/wp\/v2\/posts\/869\/revisions\/941"}],"wp:featuredmedia":[{"embeddable":true,"href":"https:\/\/www.lalbenqueensemble.fr\/index.php\/wp-json\/wp\/v2\/media\/870"}],"wp:attachment":[{"href":"https:\/\/www.lalbenqueensemble.fr\/index.php\/wp-json\/wp\/v2\/media?parent=869"}],"wp:term":[{"taxonomy":"category","embeddable":true,"href":"https:\/\/www.lalbenqueensemble.fr\/index.php\/wp-json\/wp\/v2\/categories?post=869"},{"taxonomy":"post_tag","embeddable":true,"href":"https:\/\/www.lalbenqueensemble.fr\/index.php\/wp-json\/wp\/v2\/tags?post=869"}],"curies":[{"name":"wp","href":"https:\/\/api.w.org\/{rel}","templated":true}]}}