{"id":878,"date":"2026-02-19T15:56:27","date_gmt":"2026-02-19T15:56:27","guid":{"rendered":"https:\/\/www.lalbenqueensemble.fr\/?p=878"},"modified":"2026-02-19T15:56:27","modified_gmt":"2026-02-19T15:56:27","slug":"la-belle-rando","status":"publish","type":"post","link":"https:\/\/www.lalbenqueensemble.fr\/index.php\/2026\/02\/19\/la-belle-rando\/","title":{"rendered":"La belle rando!"},"content":{"rendered":"\n<p>Les candidats de la liste Lalbenque Ensemble vous invitent \u00e0 les rejoindre pour une marche conviviale dimanche 22 f\u00e9vrier \u00e0 14h \u00e0 la Halle de la mairie. Elle permettra de mieux comprendre la commune et ses paysages, le long du chemin de la Serre.&nbsp;<\/p>\n\n\n\n<p>Ouvert \u00e0 tous, r\u00e9servations conseill\u00e9es au 06 08 99 95 30.\u00a0<\/p>\n\n\n\n<p><\/p>\n\n\n<div class=\"wp-block-image\">\n<figure class=\"aligncenter size-large\"><img loading=\"lazy\" decoding=\"async\" width=\"724\" height=\"1024\" src=\"https:\/\/www.lalbenqueensemble.fr\/wp-content\/uploads\/2026\/02\/IMG_6241-1-724x1024.jpeg\" alt=\"\" class=\"wp-image-880\" srcset=\"https:\/\/www.lalbenqueensemble.fr\/wp-content\/uploads\/2026\/02\/IMG_6241-1-724x1024.jpeg 724w, https:\/\/www.lalbenqueensemble.fr\/wp-content\/uploads\/2026\/02\/IMG_6241-1-212x300.jpeg 212w, https:\/\/www.lalbenqueensemble.fr\/wp-content\/uploads\/2026\/02\/IMG_6241-1-768x1086.jpeg 768w, https:\/\/www.lalbenqueensemble.fr\/wp-content\/uploads\/2026\/02\/IMG_6241-1-1086x1536.jpeg 1086w, https:\/\/www.lalbenqueensemble.fr\/wp-content\/uploads\/2026\/02\/IMG_6241-1.jpeg 1414w\" sizes=\"auto, (max-width: 724px) 100vw, 724px\" \/><\/figure>\n<\/div>","protected":false},"excerpt":{"rendered":"<p>Les candidats de la liste Lalbenque Ensemble vous invitent \u00e0 les rejoindre pour une marche conviviale dimanche 22 f\u00e9vrier \u00e0 14h \u00e0 la Halle de la mairie. Elle permettra de mieux comprendre la commune et ses paysages, le long du chemin de la Serre.&nbsp; Ouvert \u00e0 tous, r\u00e9servations conseill\u00e9es au 06 08 99 95 30.\u00a0<\/p>\n","protected":false},"author":1,"featured_media":880,"comment_status":"open","ping_status":"open","sticky":false,"template":"","format":"standard","meta":{"footnotes":""},"categories":[1],"tags":[],"class_list":["post-878","post","type-post","status-publish","format-standard","has-post-thumbnail","hentry","category-uncategorized"],"_links":{"self":[{"href":"https:\/\/www.lalbenqueensemble.fr\/index.php\/wp-json\/wp\/v2\/posts\/878","targetHints":{"allow":["GET"]}}],"collection":[{"href":"https:\/\/www.lalbenqueensemble.fr\/index.php\/wp-json\/wp\/v2\/posts"}],"about":[{"href":"https:\/\/www.lalbenqueensemble.fr\/index.php\/wp-json\/wp\/v2\/types\/post"}],"author":[{"embeddable":true,"href":"https:\/\/www.lalbenqueensemble.fr\/index.php\/wp-json\/wp\/v2\/users\/1"}],"replies":[{"embeddable":true,"href":"https:\/\/www.lalbenqueensemble.fr\/index.php\/wp-json\/wp\/v2\/comments?post=878"}],"version-history":[{"count":1,"href":"https:\/\/www.lalbenqueensemble.fr\/index.php\/wp-json\/wp\/v2\/posts\/878\/revisions"}],"predecessor-version":[{"id":881,"href":"https:\/\/www.lalbenqueensemble.fr\/index.php\/wp-json\/wp\/v2\/posts\/878\/revisions\/881"}],"wp:featuredmedia":[{"embeddable":true,"href":"https:\/\/www.lalbenqueensemble.fr\/index.php\/wp-json\/wp\/v2\/media\/880"}],"wp:attachment":[{"href":"https:\/\/www.lalbenqueensemble.fr\/index.php\/wp-json\/wp\/v2\/media?parent=878"}],"wp:term":[{"taxonomy":"category","embeddable":true,"href":"https:\/\/www.lalbenqueensemble.fr\/index.php\/wp-json\/wp\/v2\/categories?post=878"},{"taxonomy":"post_tag","embeddable":true,"href":"https:\/\/www.lalbenqueensemble.fr\/index.php\/wp-json\/wp\/v2\/tags?post=878"}],"curies":[{"name":"wp","href":"https:\/\/api.w.org\/{rel}","templated":true}]}}