{"id":922,"date":"2026-02-24T10:05:10","date_gmt":"2026-02-24T10:05:10","guid":{"rendered":"https:\/\/www.lalbenqueensemble.fr\/?p=922"},"modified":"2026-02-24T10:24:52","modified_gmt":"2026-02-24T10:24:52","slug":"rencontre-atelier-2","status":"publish","type":"post","link":"https:\/\/www.lalbenqueensemble.fr\/index.php\/2026\/02\/24\/rencontre-atelier-2\/","title":{"rendered":"Rencontre atelier 28\/02"},"content":{"rendered":"\n<p>\ud83d\udcc5 Deuxi\u00e8me rencontre atelier avec les candidats de la liste Lalbenque Ensemble. Un programme \u00e7a s\u2019enrichit ensemble ! <\/p>\n\n\n\n<p>Nous vous proposons une rencontre atelier autour des valeurs vitalit\u00e9 et \u00e9cologie samedi 28 f\u00e9vrier de 10h \u00e0 12h30 \u00e0 la Halle de la mairie de Lalbenque. <\/p>\n\n\n\n<p>Venez \u00e9changer et partager vos id\u00e9es !<\/p>\n\n\n\n<div class=\"wp-block-columns is-layout-flex wp-container-core-columns-is-layout-9d6595d7 wp-block-columns-is-layout-flex\">\n<div class=\"wp-block-column is-layout-flow wp-block-column-is-layout-flow\" style=\"flex-basis:25%\"><\/div>\n\n\n\n<div class=\"wp-block-column is-layout-flow wp-block-column-is-layout-flow\" style=\"flex-basis:50%\">\n<figure class=\"wp-block-image size-large\"><img loading=\"lazy\" decoding=\"async\" width=\"724\" height=\"1024\" src=\"https:\/\/www.lalbenqueensemble.fr\/wp-content\/uploads\/2026\/02\/IMG_6543-724x1024.jpeg\" alt=\"\" class=\"wp-image-923\" srcset=\"https:\/\/www.lalbenqueensemble.fr\/wp-content\/uploads\/2026\/02\/IMG_6543-724x1024.jpeg 724w, https:\/\/www.lalbenqueensemble.fr\/wp-content\/uploads\/2026\/02\/IMG_6543-212x300.jpeg 212w, https:\/\/www.lalbenqueensemble.fr\/wp-content\/uploads\/2026\/02\/IMG_6543-768x1086.jpeg 768w, https:\/\/www.lalbenqueensemble.fr\/wp-content\/uploads\/2026\/02\/IMG_6543-1087x1536.jpeg 1087w, https:\/\/www.lalbenqueensemble.fr\/wp-content\/uploads\/2026\/02\/IMG_6543.jpeg 1415w\" sizes=\"auto, (max-width: 724px) 100vw, 724px\" \/><\/figure>\n<\/div>\n\n\n\n<div class=\"wp-block-column is-layout-flow wp-block-column-is-layout-flow\" style=\"flex-basis:25%\"><\/div>\n<\/div>\n","protected":false},"excerpt":{"rendered":"<p>\ud83d\udcc5 Deuxi\u00e8me rencontre atelier avec les candidats de la liste Lalbenque Ensemble. Un programme \u00e7a s\u2019enrichit ensemble ! Nous vous proposons une rencontre atelier autour des valeurs vitalit\u00e9 et \u00e9cologie samedi 28 f\u00e9vrier de 10h \u00e0 12h30 \u00e0 la Halle de la mairie de Lalbenque. Venez \u00e9changer et partager vos id\u00e9es !<\/p>\n","protected":false},"author":1,"featured_media":923,"comment_status":"open","ping_status":"open","sticky":false,"template":"","format":"standard","meta":{"footnotes":""},"categories":[1],"tags":[],"class_list":["post-922","post","type-post","status-publish","format-standard","has-post-thumbnail","hentry","category-uncategorized"],"_links":{"self":[{"href":"https:\/\/www.lalbenqueensemble.fr\/index.php\/wp-json\/wp\/v2\/posts\/922","targetHints":{"allow":["GET"]}}],"collection":[{"href":"https:\/\/www.lalbenqueensemble.fr\/index.php\/wp-json\/wp\/v2\/posts"}],"about":[{"href":"https:\/\/www.lalbenqueensemble.fr\/index.php\/wp-json\/wp\/v2\/types\/post"}],"author":[{"embeddable":true,"href":"https:\/\/www.lalbenqueensemble.fr\/index.php\/wp-json\/wp\/v2\/users\/1"}],"replies":[{"embeddable":true,"href":"https:\/\/www.lalbenqueensemble.fr\/index.php\/wp-json\/wp\/v2\/comments?post=922"}],"version-history":[{"count":2,"href":"https:\/\/www.lalbenqueensemble.fr\/index.php\/wp-json\/wp\/v2\/posts\/922\/revisions"}],"predecessor-version":[{"id":942,"href":"https:\/\/www.lalbenqueensemble.fr\/index.php\/wp-json\/wp\/v2\/posts\/922\/revisions\/942"}],"wp:featuredmedia":[{"embeddable":true,"href":"https:\/\/www.lalbenqueensemble.fr\/index.php\/wp-json\/wp\/v2\/media\/923"}],"wp:attachment":[{"href":"https:\/\/www.lalbenqueensemble.fr\/index.php\/wp-json\/wp\/v2\/media?parent=922"}],"wp:term":[{"taxonomy":"category","embeddable":true,"href":"https:\/\/www.lalbenqueensemble.fr\/index.php\/wp-json\/wp\/v2\/categories?post=922"},{"taxonomy":"post_tag","embeddable":true,"href":"https:\/\/www.lalbenqueensemble.fr\/index.php\/wp-json\/wp\/v2\/tags?post=922"}],"curies":[{"name":"wp","href":"https:\/\/api.w.org\/{rel}","templated":true}]}}